{"id":1033,"date":"2023-04-29T20:15:48","date_gmt":"2023-04-29T20:15:48","guid":{"rendered":"https:\/\/acapcultural.com\/?p=1033"},"modified":"2023-06-25T21:42:04","modified_gmt":"2023-06-25T21:42:04","slug":"elcorazondepolonia","status":"publish","type":"post","link":"https:\/\/acapcultural.com\/oldsite\/elcorazondepolonia\/","title":{"rendered":"El coraz\u00f3n de Polonia"},"content":{"rendered":"<style>\/*! elementor - v3.14.0 - 18-06-2023 *\/<br \/>\n.elementor-widget-image{text-align:center}.elementor-widget-image a{display:inline-block}.elementor-widget-image a img[src$=\".svg\"]{width:48px}.elementor-widget-image img{vertical-align:middle;display:inline-block}<\/style>\n<p>\t\t\t\t\t\t\t\t\t\t\t\t<img loading=\"lazy\" decoding=\"async\" width=\"768\" height=\"1034\" src=\"https:\/\/acapcultural.com\/wp-content\/uploads\/2023\/06\/336040112_240355665320161_3538959793918034571_n-768x1034.jpg\" alt=\"\" loading=\"lazy\" srcset=\"https:\/\/acapcultural.com\/wp-content\/uploads\/2023\/06\/336040112_240355665320161_3538959793918034571_n-768x1034.jpg 768w, https:\/\/acapcultural.com\/wp-content\/uploads\/2023\/06\/336040112_240355665320161_3538959793918034571_n-223x300.jpg 223w, https:\/\/acapcultural.com\/wp-content\/uploads\/2023\/06\/336040112_240355665320161_3538959793918034571_n-760x1024.jpg 760w, https:\/\/acapcultural.com\/wp-content\/uploads\/2023\/06\/336040112_240355665320161_3538959793918034571_n-1141x1536.jpg 1141w, https:\/\/acapcultural.com\/wp-content\/uploads\/2023\/06\/336040112_240355665320161_3538959793918034571_n.jpg 1272w\" sizes=\"auto, (max-width: 768px) 100vw, 768px\"><\/p>\n<style>\/*! elementor - v3.14.0 - 18-06-2023 *\/<br \/>\n.elementor-column .elementor-spacer-inner{height:var(--spacer-size)}.e-con{--container-widget-width:100%}.e-con-inner>.elementor-widget-spacer,.e-con>.elementor-widget-spacer{width:var(--container-widget-width,var(--spacer-size));--align-self:var(--container-widget-align-self,initial);--flex-shrink:0}.e-con-inner>.elementor-widget-spacer>.elementor-widget-container,.e-con-inner>.elementor-widget-spacer>.elementor-widget-container>.elementor-spacer,.e-con>.elementor-widget-spacer>.elementor-widget-container,.e-con>.elementor-widget-spacer>.elementor-widget-container>.elementor-spacer{height:100%}.e-con-inner>.elementor-widget-spacer>.elementor-widget-container>.elementor-spacer>.elementor-spacer-inner,.e-con>.elementor-widget-spacer>.elementor-widget-container>.elementor-spacer>.elementor-spacer-inner{height:var(--container-widget-height,var(--spacer-size))}<\/style>\n<p>Presentaci\u00f3n del libro de Camila Paterek.<\/p>\n<p>Una patria milenaria sufriendo una vez m\u00e1s la insaciable voracidad de sus vecinos. Un hombre entre tantos otros lucha con todas sus fuerzas por su tierra, su pueblo, su lugar. No le importar\u00e1 el sacrificio ni el sufrimiento al que se ver\u00e1 sometido y sus victimarios tampoco se lo ahorrar\u00e1n. Finalmente, la contienda cesa pero el dolor y el calvario contin\u00faan.<\/p>\n<p>Pu\u00f1os apretados, un rostro que habla, recuerdos que golpean. Pesadillas que van y vienen como caprichosas mareas hasta los \u00faltimos d\u00edas de su vida.<\/p>\n<p>Hoy, su nieta Camila Samanta Paterek vuelve inmortal en esta obra no solamente a \u00e9l, sino a todos los que se sumaron a la eterna lucha de Polonia por conservar su lugar en el mundo.<\/p>\n<p>A m\u00e1s de ocho d\u00e9cadas del inicio de la mayor cat\u00e1strofe de la historia y de la mayor tortura para la tierra polaca, esta obra y su sentido son tan dignos como los valores que impulsaron a su abuelo a dejarlo todo y sumarse a una lucha jam\u00e1s vista.<\/p>\n","protected":false},"excerpt":{"rendered":"<p>Presentaci\u00f3n del libro de Camila Paterek. Una patria milenaria sufriendo una vez m\u00e1s la insaciable voracidad de sus vecinos. Un hombre entre tantos otros lucha con todas sus fuerzas por su tierra, su pueblo, su lugar. No le importar\u00e1 el sacrificio ni el sufrimiento al que se ver\u00e1 sometido y sus victimarios tampoco se lo [&hellip;]<\/p>\n","protected":false},"author":6,"featured_media":1035,"comment_status":"open","ping_status":"open","sticky":false,"template":"","format":"standard","meta":{"footnotes":""},"categories":[37],"tags":[38,39,40],"class_list":["post-1033","post","type-post","status-publish","format-standard","has-post-thumbnail","hentry","category-noticias","tag-charla","tag-historia","tag-musica"],"_links":{"self":[{"href":"https:\/\/acapcultural.com\/oldsite\/wp-json\/wp\/v2\/posts\/1033","targetHints":{"allow":["GET"]}}],"collection":[{"href":"https:\/\/acapcultural.com\/oldsite\/wp-json\/wp\/v2\/posts"}],"about":[{"href":"https:\/\/acapcultural.com\/oldsite\/wp-json\/wp\/v2\/types\/post"}],"author":[{"embeddable":true,"href":"https:\/\/acapcultural.com\/oldsite\/wp-json\/wp\/v2\/users\/6"}],"replies":[{"embeddable":true,"href":"https:\/\/acapcultural.com\/oldsite\/wp-json\/wp\/v2\/comments?post=1033"}],"version-history":[{"count":14,"href":"https:\/\/acapcultural.com\/oldsite\/wp-json\/wp\/v2\/posts\/1033\/revisions"}],"predecessor-version":[{"id":1049,"href":"https:\/\/acapcultural.com\/oldsite\/wp-json\/wp\/v2\/posts\/1033\/revisions\/1049"}],"wp:featuredmedia":[{"embeddable":true,"href":"https:\/\/acapcultural.com\/oldsite\/wp-json\/wp\/v2\/media\/1035"}],"wp:attachment":[{"href":"https:\/\/acapcultural.com\/oldsite\/wp-json\/wp\/v2\/media?parent=1033"}],"wp:term":[{"taxonomy":"category","embeddable":true,"href":"https:\/\/acapcultural.com\/oldsite\/wp-json\/wp\/v2\/categories?post=1033"},{"taxonomy":"post_tag","embeddable":true,"href":"https:\/\/acapcultural.com\/oldsite\/wp-json\/wp\/v2\/tags?post=1033"}],"curies":[{"name":"wp","href":"https:\/\/api.w.org\/{rel}","templated":true}]}}