{"id":1707,"date":"2023-09-16T20:12:33","date_gmt":"2023-09-16T20:12:33","guid":{"rendered":"https:\/\/acapcultural.com\/?p=1707"},"modified":"2023-09-16T20:26:05","modified_gmt":"2023-09-16T20:26:05","slug":"velada-polaco-hungara","status":"publish","type":"post","link":"https:\/\/acapcultural.com\/oldsite\/velada-polaco-hungara\/","title":{"rendered":"Velada Polaco H\u00fangara"},"content":{"rendered":"\t\t<div data-elementor-type=\"wp-post\" data-elementor-id=\"1707\" class=\"elementor elementor-1707\" data-elementor-post-type=\"post\">\n\t\t\t\t\t\t<section class=\"elementor-section elementor-top-section elementor-element elementor-element-b701227 elementor-section-boxed elementor-section-height-default elementor-section-height-default\" data-id=\"b701227\" data-element_type=\"section\">\n\t\t\t\t\t\t<div class=\"elementor-container elementor-column-gap-default\">\n\t\t\t\t\t<div class=\"elementor-column elementor-col-100 elementor-top-column elementor-element elementor-element-86be732\" data-id=\"86be732\" data-element_type=\"column\">\n\t\t\t<div class=\"elementor-widget-wrap elementor-element-populated\">\n\t\t\t\t\t\t<div class=\"elementor-element elementor-element-8282c3b elementor-widget elementor-widget-image\" data-id=\"8282c3b\" data-element_type=\"widget\" data-widget_type=\"image.default\">\n\t\t\t\t<div class=\"elementor-widget-container\">\n\t\t\t\t\t\t\t\t\t\t\t\t\t\t\t<img fetchpriority=\"high\" decoding=\"async\" width=\"724\" height=\"1024\" src=\"https:\/\/acapcultural.com\/oldsite\/wp-content\/uploads\/2023\/09\/WhatsApp-Image-2023-09-14-at-18.25.02-724x1024.jpeg\" class=\"attachment-large size-large wp-image-1709\" alt=\"\" srcset=\"https:\/\/acapcultural.com\/oldsite\/wp-content\/uploads\/2023\/09\/WhatsApp-Image-2023-09-14-at-18.25.02-724x1024.jpeg 724w, https:\/\/acapcultural.com\/oldsite\/wp-content\/uploads\/2023\/09\/WhatsApp-Image-2023-09-14-at-18.25.02-212x300.jpeg 212w, https:\/\/acapcultural.com\/oldsite\/wp-content\/uploads\/2023\/09\/WhatsApp-Image-2023-09-14-at-18.25.02-768x1086.jpeg 768w, https:\/\/acapcultural.com\/oldsite\/wp-content\/uploads\/2023\/09\/WhatsApp-Image-2023-09-14-at-18.25.02-1086x1536.jpeg 1086w, https:\/\/acapcultural.com\/oldsite\/wp-content\/uploads\/2023\/09\/WhatsApp-Image-2023-09-14-at-18.25.02.jpeg 1131w\" sizes=\"(max-width: 724px) 100vw, 724px\" \/>\t\t\t\t\t\t\t\t\t\t\t\t\t\t\t<\/div>\n\t\t\t\t<\/div>\n\t\t\t\t<div class=\"elementor-element elementor-element-51c3ce2 elementor-widget elementor-widget-text-editor\" data-id=\"51c3ce2\" data-element_type=\"widget\" data-widget_type=\"text-editor.default\">\n\t\t\t\t<div class=\"elementor-widget-container\">\n\t\t\t\t\t\t\t\t\t<p>Desde la Asociaci\u00f3n Cultural Argentino Polaca tenemos el agrado de invitarlos al FESTIVAL DE M\u00daSICA ANTIGUA los d\u00edas s\u00e1bado 23 de septiembre y el domingo 24 de septiembre.<\/p><p>PRIMAVERA DE M\u00daSICA RENACENTISTA Y BARROCA<\/p><p>\ud83d\udccdS\u00e1bado 23 de septiembre18hs<br \/>\ud83d\udccdMansilla 3847,CABA &#8211; Iglesia Polaca en Buenos Aires<br \/>\ud83d\udd16ENTRADA LIBRE Y GRATUITA<\/p><p>En articulaci\u00f3n con Damus-UNA (Departamento de Artes Musicales de la Universidad Nacional de las Artes).<\/p><p>\ud83c\udfb6Programa \ud83c\udfb6<\/p><p>Obras de compositores barrocos: Haendel, Rameau, Bach, Hidalgo, Telemann, entre otros. Obras para clave, flauta travesera barroca, flauta dulce y canto.<\/p><p>Int\u00e9rpretes: alumnos, ex alumnos de DAmus-Una y m\u00fasicos invitados<\/p><p>VELADA POLACO-H\u00daNGARA DE M\u00daSICA RENACENTISTA Y BARROCA<\/p><p>\ud83d\udccdDomingo 24 de septiembre, 18hs<br \/>\ud83d\udccdMansilla 3847,CABA &#8211; Iglesia Polaca en Buenos Aires<br \/>\ud83d\udd16ENTRADA LIBRE Y GRATUITA<\/p><p>\ud83c\udfb6Programa \ud83c\udfb6<\/p><p>M\u00fasica h\u00fangara de c\u00f3dices del siglo XVI y XVII, y de los archivos de m\u00fasica barroca. <br \/>M\u00fasica renacentista polaca para tecla y madrigales del siglo XVII para conjunto vocal.<\/p><p>Int\u00e9rpretes:<br \/>Elocuencia Barroca (camerata de solistas vocales)<br \/>Conjunto de instrumentos barrocos (cuerdas y clave)<\/p><p>\u00a1LOS ESPERAMOS, NO SE LO PIERDAN!<\/p>\t\t\t\t\t\t\t\t<\/div>\n\t\t\t\t<\/div>\n\t\t\t\t\t<\/div>\n\t\t<\/div>\n\t\t\t\t\t<\/div>\n\t\t<\/section>\n\t\t\t\t<\/div>\n\t\t","protected":false},"excerpt":{"rendered":"<p>Desde la Asociaci\u00f3n Cultural Argentino Polaca tenemos el agrado de invitarlos al FESTIVAL DE M\u00daSICA ANTIGUA los d\u00edas s\u00e1bado 23 de septiembre y el domingo 24 de septiembre. PRIMAVERA DE M\u00daSICA RENACENTISTA Y BARROCA \ud83d\udccdS\u00e1bado 23 de septiembre18hs\ud83d\udccdMansilla 3847,CABA &#8211; Iglesia Polaca en Buenos Aires\ud83d\udd16ENTRADA LIBRE Y GRATUITA En articulaci\u00f3n con Damus-UNA (Departamento de Artes [&hellip;]<\/p>\n","protected":false},"author":1,"featured_media":1717,"comment_status":"open","ping_status":"open","sticky":false,"template":"","format":"standard","meta":{"footnotes":""},"categories":[37,1],"tags":[36,73,72],"class_list":["post-1707","post","type-post","status-publish","format-standard","has-post-thumbnail","hentry","category-noticias","category-uncategorized","tag-concierto","tag-mansilla","tag-musica-barroca"],"_links":{"self":[{"href":"https:\/\/acapcultural.com\/oldsite\/wp-json\/wp\/v2\/posts\/1707","targetHints":{"allow":["GET"]}}],"collection":[{"href":"https:\/\/acapcultural.com\/oldsite\/wp-json\/wp\/v2\/posts"}],"about":[{"href":"https:\/\/acapcultural.com\/oldsite\/wp-json\/wp\/v2\/types\/post"}],"author":[{"embeddable":true,"href":"https:\/\/acapcultural.com\/oldsite\/wp-json\/wp\/v2\/users\/1"}],"replies":[{"embeddable":true,"href":"https:\/\/acapcultural.com\/oldsite\/wp-json\/wp\/v2\/comments?post=1707"}],"version-history":[{"count":11,"href":"https:\/\/acapcultural.com\/oldsite\/wp-json\/wp\/v2\/posts\/1707\/revisions"}],"predecessor-version":[{"id":1734,"href":"https:\/\/acapcultural.com\/oldsite\/wp-json\/wp\/v2\/posts\/1707\/revisions\/1734"}],"wp:featuredmedia":[{"embeddable":true,"href":"https:\/\/acapcultural.com\/oldsite\/wp-json\/wp\/v2\/media\/1717"}],"wp:attachment":[{"href":"https:\/\/acapcultural.com\/oldsite\/wp-json\/wp\/v2\/media?parent=1707"}],"wp:term":[{"taxonomy":"category","embeddable":true,"href":"https:\/\/acapcultural.com\/oldsite\/wp-json\/wp\/v2\/categories?post=1707"},{"taxonomy":"post_tag","embeddable":true,"href":"https:\/\/acapcultural.com\/oldsite\/wp-json\/wp\/v2\/tags?post=1707"}],"curies":[{"name":"wp","href":"https:\/\/api.w.org\/{rel}","templated":true}]}}