{"id":1735,"date":"2023-09-16T18:30:28","date_gmt":"2023-09-16T18:30:28","guid":{"rendered":"https:\/\/acapcultural.com\/?p=1735"},"modified":"2023-09-16T20:33:44","modified_gmt":"2023-09-16T20:33:44","slug":"coro-de-bariloche","status":"publish","type":"post","link":"https:\/\/acapcultural.com\/oldsite\/coro-de-bariloche\/","title":{"rendered":"Coro de Bariloche"},"content":{"rendered":"<style>\/*! elementor - v3.16.0 - 14-09-2023 *\/<br \/>\n.elementor-widget-image{text-align:center}.elementor-widget-image a{display:inline-block}.elementor-widget-image a img[src$=\".svg\"]{width:48px}.elementor-widget-image img{vertical-align:middle;display:inline-block}<\/style>\n<p>\t\t\t\t\t\t\t\t\t\t\t\t<img loading=\"lazy\" decoding=\"async\" width=\"724\" height=\"1024\" src=\"https:\/\/acapcultural.com\/wp-content\/uploads\/2023\/09\/IMG-20230829-WA0001-724x1024.jpg\" alt=\"\" loading=\"lazy\" srcset=\"https:\/\/acapcultural.com\/wp-content\/uploads\/2023\/09\/IMG-20230829-WA0001-724x1024.jpg 724w, https:\/\/acapcultural.com\/wp-content\/uploads\/2023\/09\/IMG-20230829-WA0001-212x300.jpg 212w, https:\/\/acapcultural.com\/wp-content\/uploads\/2023\/09\/IMG-20230829-WA0001-768x1086.jpg 768w, https:\/\/acapcultural.com\/wp-content\/uploads\/2023\/09\/IMG-20230829-WA0001-1086x1536.jpg 1086w, https:\/\/acapcultural.com\/wp-content\/uploads\/2023\/09\/IMG-20230829-WA0001.jpg 1131w\" sizes=\"auto, (max-width: 724px) 100vw, 724px\" \/><\/p>\n<p>Domingo 10 de septiembre, a las 12.30 hrs &#8211; Coro de ni\u00f1os y j\u00f3venes cantores de Bariloche bajo la direcci\u00f3n de Gimena Altmann Beveraggi<\/p>\n","protected":false},"excerpt":{"rendered":"<p>Domingo 10 de septiembre, a las 12.30 hrs &#8211; Coro de ni\u00f1os y j\u00f3venes cantores de Bariloche bajo la direcci\u00f3n de Gimena Altmann Beveraggi<\/p>\n","protected":false},"author":1,"featured_media":1737,"comment_status":"open","ping_status":"open","sticky":false,"template":"","format":"standard","meta":{"footnotes":""},"categories":[37,1],"tags":[75,76,40,77],"class_list":["post-1735","post","type-post","status-publish","format-standard","has-post-thumbnail","hentry","category-noticias","category-uncategorized","tag-coro","tag-jovenes","tag-musica","tag-ninos"],"_links":{"self":[{"href":"https:\/\/acapcultural.com\/oldsite\/wp-json\/wp\/v2\/posts\/1735","targetHints":{"allow":["GET"]}}],"collection":[{"href":"https:\/\/acapcultural.com\/oldsite\/wp-json\/wp\/v2\/posts"}],"about":[{"href":"https:\/\/acapcultural.com\/oldsite\/wp-json\/wp\/v2\/types\/post"}],"author":[{"embeddable":true,"href":"https:\/\/acapcultural.com\/oldsite\/wp-json\/wp\/v2\/users\/1"}],"replies":[{"embeddable":true,"href":"https:\/\/acapcultural.com\/oldsite\/wp-json\/wp\/v2\/comments?post=1735"}],"version-history":[{"count":8,"href":"https:\/\/acapcultural.com\/oldsite\/wp-json\/wp\/v2\/posts\/1735\/revisions"}],"predecessor-version":[{"id":1744,"href":"https:\/\/acapcultural.com\/oldsite\/wp-json\/wp\/v2\/posts\/1735\/revisions\/1744"}],"wp:featuredmedia":[{"embeddable":true,"href":"https:\/\/acapcultural.com\/oldsite\/wp-json\/wp\/v2\/media\/1737"}],"wp:attachment":[{"href":"https:\/\/acapcultural.com\/oldsite\/wp-json\/wp\/v2\/media?parent=1735"}],"wp:term":[{"taxonomy":"category","embeddable":true,"href":"https:\/\/acapcultural.com\/oldsite\/wp-json\/wp\/v2\/categories?post=1735"},{"taxonomy":"post_tag","embeddable":true,"href":"https:\/\/acapcultural.com\/oldsite\/wp-json\/wp\/v2\/tags?post=1735"}],"curies":[{"name":"wp","href":"https:\/\/api.w.org\/{rel}","templated":true}]}}