{"id":1834,"date":"2023-10-23T13:44:57","date_gmt":"2023-10-23T13:44:57","guid":{"rendered":"https:\/\/acapcultural.com\/?p=1834"},"modified":"2023-10-24T20:35:28","modified_gmt":"2023-10-24T20:35:28","slug":"duo-kreda-granat","status":"publish","type":"post","link":"https:\/\/acapcultural.com\/oldsite\/duo-kreda-granat\/","title":{"rendered":"D\u00fao Kreda-Granat"},"content":{"rendered":"\t\t<div data-elementor-type=\"wp-post\" data-elementor-id=\"1834\" class=\"elementor elementor-1834\" data-elementor-post-type=\"post\">\n\t\t\t\t\t\t<section class=\"elementor-section elementor-top-section elementor-element elementor-element-77be5e1 elementor-section-boxed elementor-section-height-default elementor-section-height-default\" data-id=\"77be5e1\" data-element_type=\"section\">\n\t\t\t\t\t\t<div class=\"elementor-container elementor-column-gap-default\">\n\t\t\t\t\t<div class=\"elementor-column elementor-col-100 elementor-top-column elementor-element elementor-element-027c1d5\" data-id=\"027c1d5\" data-element_type=\"column\">\n\t\t\t<div class=\"elementor-widget-wrap elementor-element-populated\">\n\t\t\t\t\t\t<div class=\"elementor-element elementor-element-5ad8003 elementor-widget elementor-widget-image\" data-id=\"5ad8003\" data-element_type=\"widget\" data-widget_type=\"image.default\">\n\t\t\t\t<div class=\"elementor-widget-container\">\n\t\t\t\t\t\t\t\t\t\t\t\t\t\t\t<img fetchpriority=\"high\" decoding=\"async\" width=\"724\" height=\"1024\" src=\"https:\/\/acapcultural.com\/oldsite\/wp-content\/uploads\/2023\/10\/Imagen-de-WhatsApp-2023-10-21-a-las-18.30.32_b5c67e1f-724x1024.jpg\" class=\"attachment-large size-large wp-image-1835\" alt=\"\" srcset=\"https:\/\/acapcultural.com\/oldsite\/wp-content\/uploads\/2023\/10\/Imagen-de-WhatsApp-2023-10-21-a-las-18.30.32_b5c67e1f-724x1024.jpg 724w, https:\/\/acapcultural.com\/oldsite\/wp-content\/uploads\/2023\/10\/Imagen-de-WhatsApp-2023-10-21-a-las-18.30.32_b5c67e1f-212x300.jpg 212w, https:\/\/acapcultural.com\/oldsite\/wp-content\/uploads\/2023\/10\/Imagen-de-WhatsApp-2023-10-21-a-las-18.30.32_b5c67e1f-768x1086.jpg 768w, https:\/\/acapcultural.com\/oldsite\/wp-content\/uploads\/2023\/10\/Imagen-de-WhatsApp-2023-10-21-a-las-18.30.32_b5c67e1f-1086x1536.jpg 1086w, https:\/\/acapcultural.com\/oldsite\/wp-content\/uploads\/2023\/10\/Imagen-de-WhatsApp-2023-10-21-a-las-18.30.32_b5c67e1f.jpg 1131w\" sizes=\"(max-width: 724px) 100vw, 724px\" \/>\t\t\t\t\t\t\t\t\t\t\t\t\t\t\t<\/div>\n\t\t\t\t<\/div>\n\t\t\t\t<div class=\"elementor-element elementor-element-ba3b482 elementor-widget elementor-widget-text-editor\" data-id=\"ba3b482\" data-element_type=\"widget\" data-widget_type=\"text-editor.default\">\n\t\t\t\t<div class=\"elementor-widget-container\">\n\t\t\t\t\t\t\t\t\t<p>En el marco del Festival Internacional de Piano Chopiniana 2023 tenemos el agrado de invitarlos al concierto de D\u00fao Kreda-Granat &#8211; Tamara Granat (Polonia) y Adri\u00e1n Kreda (Argentina-Suiza).<\/p><p>Los m\u00fasicos, que se conocen desde hace 30 a\u00f1os, van a tocar piezas de Schubert, Zarebski, Cosentino y Chopin.\u00a0<\/p><p>\u00a0<\/p>\t\t\t\t\t\t\t\t<\/div>\n\t\t\t\t<\/div>\n\t\t\t\t\t<\/div>\n\t\t<\/div>\n\t\t\t\t\t<\/div>\n\t\t<\/section>\n\t\t\t\t<\/div>\n\t\t","protected":false},"excerpt":{"rendered":"<p>En el marco del Festival Internacional de Piano Chopiniana 2023 tenemos el agrado de invitarlos al concierto de D\u00fao Kreda-Granat &#8211; Tamara Granat (Polonia) y Adri\u00e1n Kreda (Argentina-Suiza). Los m\u00fasicos, que se conocen desde hace 30 a\u00f1os, van a tocar piezas de Schubert, Zarebski, Cosentino y Chopin.\u00a0 \u00a0<\/p>\n","protected":false},"author":1,"featured_media":0,"comment_status":"open","ping_status":"open","sticky":false,"template":"","format":"standard","meta":{"footnotes":""},"categories":[37,1],"tags":[88,40,50],"class_list":["post-1834","post","type-post","status-publish","format-standard","hentry","category-noticias","category-uncategorized","tag-duo","tag-musica","tag-piano"],"_links":{"self":[{"href":"https:\/\/acapcultural.com\/oldsite\/wp-json\/wp\/v2\/posts\/1834","targetHints":{"allow":["GET"]}}],"collection":[{"href":"https:\/\/acapcultural.com\/oldsite\/wp-json\/wp\/v2\/posts"}],"about":[{"href":"https:\/\/acapcultural.com\/oldsite\/wp-json\/wp\/v2\/types\/post"}],"author":[{"embeddable":true,"href":"https:\/\/acapcultural.com\/oldsite\/wp-json\/wp\/v2\/users\/1"}],"replies":[{"embeddable":true,"href":"https:\/\/acapcultural.com\/oldsite\/wp-json\/wp\/v2\/comments?post=1834"}],"version-history":[{"count":6,"href":"https:\/\/acapcultural.com\/oldsite\/wp-json\/wp\/v2\/posts\/1834\/revisions"}],"predecessor-version":[{"id":1841,"href":"https:\/\/acapcultural.com\/oldsite\/wp-json\/wp\/v2\/posts\/1834\/revisions\/1841"}],"wp:attachment":[{"href":"https:\/\/acapcultural.com\/oldsite\/wp-json\/wp\/v2\/media?parent=1834"}],"wp:term":[{"taxonomy":"category","embeddable":true,"href":"https:\/\/acapcultural.com\/oldsite\/wp-json\/wp\/v2\/categories?post=1834"},{"taxonomy":"post_tag","embeddable":true,"href":"https:\/\/acapcultural.com\/oldsite\/wp-json\/wp\/v2\/tags?post=1834"}],"curies":[{"name":"wp","href":"https:\/\/api.w.org\/{rel}","templated":true}]}}