{"id":2030,"date":"2024-06-06T18:30:00","date_gmt":"2024-06-06T18:30:00","guid":{"rendered":"https:\/\/acapcultural.com\/?p=2030"},"modified":"2024-06-06T14:13:23","modified_gmt":"2024-06-06T14:13:23","slug":"aproximacion-a-la-vida-y-obra-de-borges","status":"publish","type":"post","link":"https:\/\/acapcultural.com\/oldsite\/aproximacion-a-la-vida-y-obra-de-borges\/","title":{"rendered":"APROXIMACI\u00d3N A LA VIDA Y OBRA DE BORGES"},"content":{"rendered":"\t\t<div data-elementor-type=\"wp-post\" data-elementor-id=\"2030\" class=\"elementor elementor-2030\" data-elementor-post-type=\"post\">\n\t\t\t\t\t\t<section class=\"elementor-section elementor-top-section elementor-element elementor-element-731ff63 elementor-section-boxed elementor-section-height-default elementor-section-height-default\" data-id=\"731ff63\" data-element_type=\"section\">\n\t\t\t\t\t\t<div class=\"elementor-container elementor-column-gap-default\">\n\t\t\t\t\t<div class=\"elementor-column elementor-col-100 elementor-top-column elementor-element elementor-element-7dad3e6\" data-id=\"7dad3e6\" data-element_type=\"column\">\n\t\t\t<div class=\"elementor-widget-wrap elementor-element-populated\">\n\t\t\t\t\t\t<div class=\"elementor-element elementor-element-147f30a elementor-widget elementor-widget-image\" data-id=\"147f30a\" data-element_type=\"widget\" data-widget_type=\"image.default\">\n\t\t\t\t<div class=\"elementor-widget-container\">\n\t\t\t\t\t\t\t\t\t\t\t\t\t\t\t<img fetchpriority=\"high\" decoding=\"async\" width=\"707\" height=\"1024\" src=\"https:\/\/acapcultural.com\/oldsite\/wp-content\/uploads\/2024\/05\/Imagen-de-WhatsApp-2024-05-22-a-las-19.00.20_ff3ec69b-707x1024.jpg\" class=\"attachment-large size-large wp-image-2032\" alt=\"\" srcset=\"https:\/\/acapcultural.com\/oldsite\/wp-content\/uploads\/2024\/05\/Imagen-de-WhatsApp-2024-05-22-a-las-19.00.20_ff3ec69b-707x1024.jpg 707w, https:\/\/acapcultural.com\/oldsite\/wp-content\/uploads\/2024\/05\/Imagen-de-WhatsApp-2024-05-22-a-las-19.00.20_ff3ec69b-207x300.jpg 207w, https:\/\/acapcultural.com\/oldsite\/wp-content\/uploads\/2024\/05\/Imagen-de-WhatsApp-2024-05-22-a-las-19.00.20_ff3ec69b-768x1112.jpg 768w, https:\/\/acapcultural.com\/oldsite\/wp-content\/uploads\/2024\/05\/Imagen-de-WhatsApp-2024-05-22-a-las-19.00.20_ff3ec69b-1061x1536.jpg 1061w, https:\/\/acapcultural.com\/oldsite\/wp-content\/uploads\/2024\/05\/Imagen-de-WhatsApp-2024-05-22-a-las-19.00.20_ff3ec69b.jpg 1080w\" sizes=\"(max-width: 707px) 100vw, 707px\" \/>\t\t\t\t\t\t\t\t\t\t\t\t\t\t\t<\/div>\n\t\t\t\t<\/div>\n\t\t\t\t<div class=\"elementor-element elementor-element-6e8fd21 elementor-widget elementor-widget-text-editor\" data-id=\"6e8fd21\" data-element_type=\"widget\" data-widget_type=\"text-editor.default\">\n\t\t\t\t<div class=\"elementor-widget-container\">\n\t\t\t\t\t\t\t\t\t<p>CHARLA DE HOMENAJE<\/p><p>La Asociaci\u00f3n Cultural Argentino Polaca presenta \u201cAproximaci\u00f3n a la vida y obra de Borges\u201d, a cargo de Alejandro Vaccaro, presidente de la Sociedad Argentina de Escritores, presidente de la Fundaci\u00f3n del Libro, bi\u00f3grafo de Jorge Luis Borges, coleccionista y autor de varios libros.<\/p><p>Una conferencia abierta para todo p\u00fablico, donde adem\u00e1s de recorrer su vida y su obra, vamos a conocer la historia de la primera traducci\u00f3n de Borges que fue al idioma polaco.<br \/><br \/>\ud83d\udcc5Viernes 14 de junio a las 18:30 hs.<br \/>\ud83d\udcccCasa Polaca \u2013 Borges 2076 &#8211; CABA <br \/>\ud83d\udd16ENTRADA LIBRE Y GRATUITA (hasta agotar la capacidad de la sala).<\/p><p>\u00a1Los\u00a0esperamos!<\/p>\t\t\t\t\t\t\t\t<\/div>\n\t\t\t\t<\/div>\n\t\t\t\t\t<\/div>\n\t\t<\/div>\n\t\t\t\t\t<\/div>\n\t\t<\/section>\n\t\t\t\t<\/div>\n\t\t","protected":false},"excerpt":{"rendered":"<p>CHARLA DE HOMENAJE La Asociaci\u00f3n Cultural Argentino Polaca presenta \u201cAproximaci\u00f3n a la vida y obra de Borges\u201d, a cargo de Alejandro Vaccaro, presidente de la Sociedad Argentina de Escritores, presidente de la Fundaci\u00f3n del Libro, bi\u00f3grafo de Jorge Luis Borges, coleccionista y autor de varios libros. Una conferencia abierta para todo p\u00fablico, donde adem\u00e1s de [&hellip;]<\/p>\n","protected":false},"author":6,"featured_media":2032,"comment_status":"open","ping_status":"open","sticky":true,"template":"","format":"standard","meta":{"footnotes":""},"categories":[37,1],"tags":[92,38,91,54],"class_list":["post-2030","post","type-post","status-publish","format-standard","has-post-thumbnail","hentry","category-noticias","category-uncategorized","tag-borges","tag-charla","tag-la-casa-polaca","tag-presentacion"],"_links":{"self":[{"href":"https:\/\/acapcultural.com\/oldsite\/wp-json\/wp\/v2\/posts\/2030","targetHints":{"allow":["GET"]}}],"collection":[{"href":"https:\/\/acapcultural.com\/oldsite\/wp-json\/wp\/v2\/posts"}],"about":[{"href":"https:\/\/acapcultural.com\/oldsite\/wp-json\/wp\/v2\/types\/post"}],"author":[{"embeddable":true,"href":"https:\/\/acapcultural.com\/oldsite\/wp-json\/wp\/v2\/users\/6"}],"replies":[{"embeddable":true,"href":"https:\/\/acapcultural.com\/oldsite\/wp-json\/wp\/v2\/comments?post=2030"}],"version-history":[{"count":4,"href":"https:\/\/acapcultural.com\/oldsite\/wp-json\/wp\/v2\/posts\/2030\/revisions"}],"predecessor-version":[{"id":2035,"href":"https:\/\/acapcultural.com\/oldsite\/wp-json\/wp\/v2\/posts\/2030\/revisions\/2035"}],"wp:featuredmedia":[{"embeddable":true,"href":"https:\/\/acapcultural.com\/oldsite\/wp-json\/wp\/v2\/media\/2032"}],"wp:attachment":[{"href":"https:\/\/acapcultural.com\/oldsite\/wp-json\/wp\/v2\/media?parent=2030"}],"wp:term":[{"taxonomy":"category","embeddable":true,"href":"https:\/\/acapcultural.com\/oldsite\/wp-json\/wp\/v2\/categories?post=2030"},{"taxonomy":"post_tag","embeddable":true,"href":"https:\/\/acapcultural.com\/oldsite\/wp-json\/wp\/v2\/tags?post=2030"}],"curies":[{"name":"wp","href":"https:\/\/api.w.org\/{rel}","templated":true}]}}